{"id":5861,"date":"2024-12-02T13:47:00","date_gmt":"2024-12-02T12:47:00","guid":{"rendered":"https:\/\/www.wellfin.be\/?p=5861"},"modified":"2025-05-16T15:22:25","modified_gmt":"2025-05-16T13:22:25","slug":"droits-enregistrement-et-succession","status":"publish","type":"post","link":"https:\/\/www.wellfin.be\/fr\/droits-enregistrement-et-succession\/","title":{"rendered":"Droits d&rsquo;enregistrement et de succession en Flandre : les 5 r\u00e9formes fiscales \u00e0 venir"},"content":{"rendered":"\t\t<div data-elementor-type=\"wp-post\" data-elementor-id=\"5861\" class=\"elementor elementor-5861\" data-elementor-settings=\"{&quot;ha_cmc_init_switcher&quot;:&quot;no&quot;}\" data-elementor-post-type=\"post\">\n\t\t\t\t<div class=\"elementor-element elementor-element-f3f398c e-flex e-con-boxed e-con e-parent\" data-id=\"f3f398c\" data-element_type=\"container\" data-settings=\"{&quot;jet_parallax_layout_list&quot;:[],&quot;_ha_eqh_enable&quot;:false}\">\n\t\t\t\t\t<div class=\"e-con-inner\">\n\t\t\t\t<div class=\"elementor-element elementor-element-adcdfbe elementor-widget elementor-widget-text-editor\" data-id=\"adcdfbe\" data-element_type=\"widget\" data-widget_type=\"text-editor.default\">\n\t\t\t\t<div class=\"elementor-widget-container\">\n\t\t\t\t\t\t\t\t\t<p class=\"p1\">Le gouvernement flamand a trouv\u00e9 un accord sur plusieurs points cl\u00e9s, dont l\u2019impact se fera probablement sentir dans les ann\u00e9es \u00e0 venir. Veuillez trouver ci-apr\u00e8s un aper\u00e7u des principaux changements envisag\u00e9s. Il est important de noter que ces mesures doivent encore \u00eatre approuv\u00e9es par le Parlement et pourraient ainsi faire l\u2019objet de modifications.<\/p>\t\t\t\t\t\t\t\t<\/div>\n\t\t\t\t<\/div>\n\t\t\t\t\t<\/div>\n\t\t\t\t<\/div>\n\t\t<div class=\"elementor-element elementor-element-1c1f75d e-flex e-con-boxed e-con e-parent\" data-id=\"1c1f75d\" data-element_type=\"container\" data-settings=\"{&quot;jet_parallax_layout_list&quot;:[],&quot;_ha_eqh_enable&quot;:false}\">\n\t\t\t\t\t<div class=\"e-con-inner\">\n\t\t\t\t<div class=\"elementor-element elementor-element-a125380 elementor-widget elementor-widget-spacer\" data-id=\"a125380\" data-element_type=\"widget\" data-widget_type=\"spacer.default\">\n\t\t\t\t<div class=\"elementor-widget-container\">\n\t\t\t\t\t\t\t<div class=\"elementor-spacer\">\n\t\t\t<div class=\"elementor-spacer-inner\"><\/div>\n\t\t<\/div>\n\t\t\t\t\t\t<\/div>\n\t\t\t\t<\/div>\n\t\t\t\t<div class=\"elementor-element elementor-element-7567e6d elementor-widget elementor-widget-heading\" data-id=\"7567e6d\" data-element_type=\"widget\" data-widget_type=\"heading.default\">\n\t\t\t\t<div class=\"elementor-widget-container\">\n\t\t\t\t\t<h2 class=\"elementor-heading-title elementor-size-default\">1)        Prolongation de la p\u00e9riode suspecte \u00e0 5 ans<\/h2>\t\t\t\t<\/div>\n\t\t\t\t<\/div>\n\t\t\t\t\t<\/div>\n\t\t\t\t<\/div>\n\t\t<div class=\"elementor-element elementor-element-6beb6b9 e-flex e-con-boxed e-con e-parent\" data-id=\"6beb6b9\" data-element_type=\"container\" data-settings=\"{&quot;jet_parallax_layout_list&quot;:[],&quot;_ha_eqh_enable&quot;:false}\">\n\t\t\t\t\t<div class=\"e-con-inner\">\n\t\t\t\t<div class=\"elementor-element elementor-element-78f3c73 elementor-widget elementor-widget-spacer\" data-id=\"78f3c73\" data-element_type=\"widget\" data-widget_type=\"spacer.default\">\n\t\t\t\t<div class=\"elementor-widget-container\">\n\t\t\t\t\t\t\t<div class=\"elementor-spacer\">\n\t\t\t<div class=\"elementor-spacer-inner\"><\/div>\n\t\t<\/div>\n\t\t\t\t\t\t<\/div>\n\t\t\t\t<\/div>\n\t\t\t\t<div class=\"elementor-element elementor-element-c9855d7 elementor-widget elementor-widget-text-editor\" data-id=\"c9855d7\" data-element_type=\"widget\" data-widget_type=\"text-editor.default\">\n\t\t\t\t<div class=\"elementor-widget-container\">\n\t\t\t\t\t\t\t\t\t<p id=\"ember53\" class=\"ember-view reader-text-block__paragraph\">Dans le cadre de l\u2019accord de gouvernement, la Flandre a d\u00e9cid\u00e9 de suivre l\u2019exemple wallon et de porter la p\u00e9riode suspecte \u00e0 5 ans. La date pr\u00e9cise d\u2019entr\u00e9e en vigueur n\u2019a pas encore \u00e9t\u00e9 d\u00e9termin\u00e9e, mais il est probable que cette mesure concernera les donations r\u00e9alis\u00e9es \u00e0 partir du 1er janvier 2025.<br \/><br \/><\/p><p id=\"ember54\" class=\"ember-view reader-text-block__paragraph\">Les donations notari\u00e9es qui sont syst\u00e9matiquement soumises \u00e0 l\u2019imp\u00f4t sur les donations ne sont pas concern\u00e9es par la notion de p\u00e9riode suspecte. Cependant, les donations qui ne sont pas pr\u00e9sent\u00e9es volontairement \u00e0 l\u2019enregistrement, telles que les donations manuelles et donations indirectes (dons bancaires), devaient autrefois avoir \u00e9t\u00e9 r\u00e9alis\u00e9es au moins 3 ans avant le d\u00e9c\u00e8s du donateur pour \u00e9viter l\u2019application des droits de succession.<br \/><br \/><\/p><p id=\"ember55\" class=\"ember-view reader-text-block__paragraph\">Pendant des d\u00e9cennies, la p\u00e9riode suspecte \u00e9tait fix\u00e9e \u00e0 3 ans. Apr\u00e8s le transfert des droits de succession aux r\u00e9gions, cette dur\u00e9e a \u00e9t\u00e9 maintenue initialement.<br \/><br \/><\/p><p id=\"ember56\" class=\"ember-view reader-text-block__paragraph\">&#8211;\u00a0\u00a0\u00a0\u00a0\u00a0\u00a0\u00a0\u00a0\u00a0\u00a0\u00a0 En R\u00e9gion flamande : une premi\u00e8re modification est survenue en 2012. La p\u00e9riode suspecte a \u00e9t\u00e9 allong\u00e9e \u00e0 7 ans, mais uniquement pour les donations relatives aux entreprises familiales qualifi\u00e9es. Cette mesure restait donc limit\u00e9e dans son champ d\u2019application.<br \/><br \/><\/p><p id=\"ember57\" class=\"ember-view reader-text-block__paragraph\">&#8211;\u00a0\u00a0\u00a0\u00a0\u00a0\u00a0\u00a0\u00a0\u00a0\u00a0\u00a0 En R\u00e9gion wallonne : \u00e0 compter du 1er janvier 2022, la p\u00e9riode suspecte a \u00e9t\u00e9 port\u00e9e \u00e0 5 ans de mani\u00e8re g\u00e9n\u00e9rale, touchant ainsi un plus grand nombre de donations.<br \/><br \/><\/p><p id=\"ember58\" class=\"ember-view reader-text-block__paragraph\">&#8211;\u00a0\u00a0\u00a0\u00a0\u00a0\u00a0\u00a0\u00a0\u00a0\u00a0\u00a0 Concernant la R\u00e9gion de Bruxelles-Capitale, la situation reste incertaine, les n\u00e9gociations gouvernementales \u00e9tant toujours en cours. Toutefois, il serait surprenant que Bruxelles ne suive pas la m\u00eame tendance en ramenant \u00e9galement la p\u00e9riode suspecte \u00e0 5 ans.<br \/><br \/><\/p><p id=\"ember59\" class=\"ember-view reader-text-block__paragraph\"><strong>Il est donc crucial d\u2019agir sans tarder, tant que la p\u00e9riode suspecte reste limit\u00e9e \u00e0 trois ans. Ainsi, vous pourrez \u00e9viter que la nouvelle p\u00e9riode prolong\u00e9e de 5 ans ne s\u2019applique \u00e0 votre donation.<\/strong><\/p>\t\t\t\t\t\t\t\t<\/div>\n\t\t\t\t<\/div>\n\t\t\t\t\t<\/div>\n\t\t\t\t<\/div>\n\t\t<div class=\"elementor-element elementor-element-4d5d859 e-flex e-con-boxed e-con e-parent\" data-id=\"4d5d859\" data-element_type=\"container\" data-settings=\"{&quot;jet_parallax_layout_list&quot;:[],&quot;_ha_eqh_enable&quot;:false}\">\n\t\t\t\t\t<div class=\"e-con-inner\">\n\t\t\t\t<div class=\"elementor-element elementor-element-bb9430c elementor-widget elementor-widget-spacer\" data-id=\"bb9430c\" data-element_type=\"widget\" data-widget_type=\"spacer.default\">\n\t\t\t\t<div class=\"elementor-widget-container\">\n\t\t\t\t\t\t\t<div class=\"elementor-spacer\">\n\t\t\t<div class=\"elementor-spacer-inner\"><\/div>\n\t\t<\/div>\n\t\t\t\t\t\t<\/div>\n\t\t\t\t<\/div>\n\t\t\t\t<div class=\"elementor-element elementor-element-01bed5a elementor-widget elementor-widget-heading\" data-id=\"01bed5a\" data-element_type=\"widget\" data-widget_type=\"heading.default\">\n\t\t\t\t<div class=\"elementor-widget-container\">\n\t\t\t\t\t<h2 class=\"elementor-heading-title elementor-size-default\">2)        R\u00e9duction des droits de succession <\/h2>\t\t\t\t<\/div>\n\t\t\t\t<\/div>\n\t\t<div class=\"elementor-element elementor-element-cb2e824 e-con-full e-flex e-con e-child\" data-id=\"cb2e824\" data-element_type=\"container\" data-settings=\"{&quot;jet_parallax_layout_list&quot;:[],&quot;_ha_eqh_enable&quot;:false}\">\n\t\t\t\t<div class=\"elementor-element elementor-element-a09627f elementor-widget elementor-widget-spacer\" data-id=\"a09627f\" data-element_type=\"widget\" data-widget_type=\"spacer.default\">\n\t\t\t\t<div class=\"elementor-widget-container\">\n\t\t\t\t\t\t\t<div class=\"elementor-spacer\">\n\t\t\t<div class=\"elementor-spacer-inner\"><\/div>\n\t\t<\/div>\n\t\t\t\t\t\t<\/div>\n\t\t\t\t<\/div>\n\t\t\t\t<\/div>\n\t\t\t\t\t<\/div>\n\t\t\t\t<\/div>\n\t\t<div class=\"elementor-element elementor-element-3746de1 e-flex e-con-boxed e-con e-parent\" data-id=\"3746de1\" data-element_type=\"container\" data-settings=\"{&quot;jet_parallax_layout_list&quot;:[],&quot;_ha_eqh_enable&quot;:false}\">\n\t\t\t\t\t<div class=\"e-con-inner\">\n\t\t\t\t<div class=\"elementor-element elementor-element-1224488 elementor-widget elementor-widget-text-editor\" data-id=\"1224488\" data-element_type=\"widget\" data-widget_type=\"text-editor.default\">\n\t\t\t\t<div class=\"elementor-widget-container\">\n\t\t\t\t\t\t\t\t\t<p>Le gouvernement flamand a \u00e9galement convenu de r\u00e9duire les droits de succession. Les seuils d\u2019imposition seront augment\u00e9s, permettant ainsi aux enfants, partenaires, fr\u00e8res, s\u0153urs et autres h\u00e9ritiers de payer moins. Cette r\u00e9forme sera mise en \u0153uvre progressivement \u00e0 partir de 2026 et deviendra pleinement effective en 2029. Chaque \u00e9tape jusqu\u2019\u00e0 cette date apportera une r\u00e9duction partielle pour chaque cat\u00e9gorie, en fonction des moyens budg\u00e9taires disponibles.<\/p>\t\t\t\t\t\t\t\t<\/div>\n\t\t\t\t<\/div>\n\t\t\t\t\t<\/div>\n\t\t\t\t<\/div>\n\t\t<div class=\"elementor-element elementor-element-99192b4 e-flex e-con-boxed e-con e-parent\" data-id=\"99192b4\" data-element_type=\"container\" data-settings=\"{&quot;jet_parallax_layout_list&quot;:[],&quot;_ha_eqh_enable&quot;:false}\">\n\t\t\t\t\t<div class=\"e-con-inner\">\n\t\t\t\t<div class=\"elementor-element elementor-element-a810197 elementor-widget elementor-widget-spacer\" data-id=\"a810197\" data-element_type=\"widget\" data-widget_type=\"spacer.default\">\n\t\t\t\t<div class=\"elementor-widget-container\">\n\t\t\t\t\t\t\t<div class=\"elementor-spacer\">\n\t\t\t<div class=\"elementor-spacer-inner\"><\/div>\n\t\t<\/div>\n\t\t\t\t\t\t<\/div>\n\t\t\t\t<\/div>\n\t\t\t\t<div class=\"elementor-element elementor-element-2da87e8 elementor-widget elementor-widget-heading\" data-id=\"2da87e8\" data-element_type=\"widget\" data-widget_type=\"heading.default\">\n\t\t\t\t<div class=\"elementor-widget-container\">\n\t\t\t\t\t<h2 class=\"elementor-heading-title elementor-size-default\">3)        R\u00e9duction des droits d\u2019enregistrement pour une habitation propre et unique<\/h2>\t\t\t\t<\/div>\n\t\t\t\t<\/div>\n\t\t\t\t\t<\/div>\n\t\t\t\t<\/div>\n\t\t<div class=\"elementor-element elementor-element-c6c6ecc e-flex e-con-boxed e-con e-parent\" data-id=\"c6c6ecc\" data-element_type=\"container\" data-settings=\"{&quot;jet_parallax_layout_list&quot;:[],&quot;_ha_eqh_enable&quot;:false}\">\n\t\t\t\t\t<div class=\"e-con-inner\">\n\t\t\t\t<div class=\"elementor-element elementor-element-5defda3 elementor-widget elementor-widget-spacer\" data-id=\"5defda3\" data-element_type=\"widget\" data-widget_type=\"spacer.default\">\n\t\t\t\t<div class=\"elementor-widget-container\">\n\t\t\t\t\t\t\t<div class=\"elementor-spacer\">\n\t\t\t<div class=\"elementor-spacer-inner\"><\/div>\n\t\t<\/div>\n\t\t\t\t\t\t<\/div>\n\t\t\t\t<\/div>\n\t\t\t\t<div class=\"elementor-element elementor-element-186a758 elementor-widget elementor-widget-text-editor\" data-id=\"186a758\" data-element_type=\"widget\" data-widget_type=\"text-editor.default\">\n\t\t\t\t<div class=\"elementor-widget-container\">\n\t\t\t\t\t\t\t\t\t<p class=\"p1\">Parmi les mesures annonc\u00e9es, figure la r\u00e9duction des droits d\u2019enregistrement pour l\u2019achat d\u2019une habitation propre et unique, passant de 3 % \u00e0 2 %. En parall\u00e8le, les droits d\u2019enregistrement pour une r\u00e9sidence principale faisant l\u2019objet d\u2019une r\u00e9novation \u00e9nerg\u00e9tique pourraient \u00eatre augment\u00e9s de 1 % \u00e0 2 %, dans le but d\u2019harmoniser les taux. Ces nouveaux tarifs s\u2019appliqueront aux actes authentiques sign\u00e9s \u00e0 partir du 1er janvier 2025. Ainsi, toute personne concluant aujourd\u2019hui un compromis ou une promesse bilat\u00e9rale d\u2019achat, mais finalisant l\u2019acte authentique apr\u00e8s cette date, pourra \u00e9galement b\u00e9n\u00e9ficier de cette mesure.<\/p>\t\t\t\t\t\t\t\t<\/div>\n\t\t\t\t<\/div>\n\t\t\t\t\t<\/div>\n\t\t\t\t<\/div>\n\t\t<div class=\"elementor-element elementor-element-58c8103 e-flex e-con-boxed e-con e-parent\" data-id=\"58c8103\" data-element_type=\"container\" data-settings=\"{&quot;jet_parallax_layout_list&quot;:[],&quot;_ha_eqh_enable&quot;:false}\">\n\t\t\t\t\t<div class=\"e-con-inner\">\n\t\t\t\t<div class=\"elementor-element elementor-element-8c38d8d elementor-widget elementor-widget-spacer\" data-id=\"8c38d8d\" data-element_type=\"widget\" data-widget_type=\"spacer.default\">\n\t\t\t\t<div class=\"elementor-widget-container\">\n\t\t\t\t\t\t\t<div class=\"elementor-spacer\">\n\t\t\t<div class=\"elementor-spacer-inner\"><\/div>\n\t\t<\/div>\n\t\t\t\t\t\t<\/div>\n\t\t\t\t<\/div>\n\t\t\t\t<div class=\"elementor-element elementor-element-e82691e elementor-widget elementor-widget-heading\" data-id=\"e82691e\" data-element_type=\"widget\" data-widget_type=\"heading.default\">\n\t\t\t\t<div class=\"elementor-widget-container\">\n\t\t\t\t\t<h2 class=\"elementor-heading-title elementor-size-default\">4)        Resserrement des r\u00e8gles pour les soci\u00e9t\u00e9s familiales<\/h2>\t\t\t\t<\/div>\n\t\t\t\t<\/div>\n\t\t\t\t\t<\/div>\n\t\t\t\t<\/div>\n\t\t<div class=\"elementor-element elementor-element-a122b38 e-flex e-con-boxed e-con e-parent\" data-id=\"a122b38\" data-element_type=\"container\" data-settings=\"{&quot;jet_parallax_layout_list&quot;:[],&quot;_ha_eqh_enable&quot;:false}\">\n\t\t\t\t\t<div class=\"e-con-inner\">\n\t\t\t\t<div class=\"elementor-element elementor-element-2ee944f elementor-widget elementor-widget-spacer\" data-id=\"2ee944f\" data-element_type=\"widget\" data-widget_type=\"spacer.default\">\n\t\t\t\t<div class=\"elementor-widget-container\">\n\t\t\t\t\t\t\t<div class=\"elementor-spacer\">\n\t\t\t<div class=\"elementor-spacer-inner\"><\/div>\n\t\t<\/div>\n\t\t\t\t\t\t<\/div>\n\t\t\t\t<\/div>\n\t\t\t\t<div class=\"elementor-element elementor-element-1543455 elementor-widget elementor-widget-text-editor\" data-id=\"1543455\" data-element_type=\"widget\" data-widget_type=\"text-editor.default\">\n\t\t\t\t<div class=\"elementor-widget-container\">\n\t\t\t\t\t\t\t\t\t<p class=\"p1\">Le gouvernement souhaite intensifier le contr\u00f4le sur les donations de soci\u00e9t\u00e9s familiale et \u00e9viter notamment que les biens immobiliers \u00e0 usage d\u2019habitation, d\u00e9pourvus d\u2019activit\u00e9 \u00e9conomique, ne puissent b\u00e9n\u00e9ficier des avantages fiscaux en mati\u00e8re de donation et de succession.<\/p>\t\t\t\t\t\t\t\t<\/div>\n\t\t\t\t<\/div>\n\t\t\t\t<div class=\"elementor-element elementor-element-e0a7ee3 elementor-widget elementor-widget-spacer\" data-id=\"e0a7ee3\" data-element_type=\"widget\" data-widget_type=\"spacer.default\">\n\t\t\t\t<div class=\"elementor-widget-container\">\n\t\t\t\t\t\t\t<div class=\"elementor-spacer\">\n\t\t\t<div class=\"elementor-spacer-inner\"><\/div>\n\t\t<\/div>\n\t\t\t\t\t\t<\/div>\n\t\t\t\t<\/div>\n\t\t\t\t\t<\/div>\n\t\t\t\t<\/div>\n\t\t<div class=\"elementor-element elementor-element-e442b34 e-flex e-con-boxed e-con e-parent\" data-id=\"e442b34\" data-element_type=\"container\" data-settings=\"{&quot;jet_parallax_layout_list&quot;:[],&quot;_ha_eqh_enable&quot;:false}\">\n\t\t\t\t\t<div class=\"e-con-inner\">\n\t\t\t\t<div class=\"elementor-element elementor-element-6ef4f58 elementor-widget elementor-widget-heading\" data-id=\"6ef4f58\" data-element_type=\"widget\" data-widget_type=\"heading.default\">\n\t\t\t\t<div class=\"elementor-widget-container\">\n\t\t\t\t\t<h2 class=\"elementor-heading-title elementor-size-default\">5)        Abattement des droits de succession pour les personnes c\u00e9libataires sans enfants<\/h2>\t\t\t\t<\/div>\n\t\t\t\t<\/div>\n\t\t\t\t\t<\/div>\n\t\t\t\t<\/div>\n\t\t<div class=\"elementor-element elementor-element-da3bb4c e-flex e-con-boxed e-con e-parent\" data-id=\"da3bb4c\" data-element_type=\"container\" data-settings=\"{&quot;jet_parallax_layout_list&quot;:[],&quot;_ha_eqh_enable&quot;:false}\">\n\t\t\t\t\t<div class=\"e-con-inner\">\n\t\t\t\t<div class=\"elementor-element elementor-element-378f28f elementor-widget elementor-widget-spacer\" data-id=\"378f28f\" data-element_type=\"widget\" data-widget_type=\"spacer.default\">\n\t\t\t\t<div class=\"elementor-widget-container\">\n\t\t\t\t\t\t\t<div class=\"elementor-spacer\">\n\t\t\t<div class=\"elementor-spacer-inner\"><\/div>\n\t\t<\/div>\n\t\t\t\t\t\t<\/div>\n\t\t\t\t<\/div>\n\t\t\t\t<div class=\"elementor-element elementor-element-474ecfe elementor-widget elementor-widget-text-editor\" data-id=\"474ecfe\" data-element_type=\"widget\" data-widget_type=\"text-editor.default\">\n\t\t\t\t<div class=\"elementor-widget-container\">\n\t\t\t\t\t\t\t\t\t<p id=\"ember67\" class=\"ember-view reader-text-block__paragraph\">Le gouvernement pr\u00e9voit \u00e9galement un r\u00e9gime fiscal plus avantageux pour les c\u00e9libataires sans enfants. Un abattement de 50 000 \u20ac sera introduit, permettant au testateur de l\u00e9guer des biens \u00e0 des personnes avec lesquelles il entretient un lien affectif, dans des conditions fiscales proches de celles des h\u00e9ritiers en ligne directe. Il reste toutefois \u00e0 d\u00e9terminer si ce nouveau r\u00e9gime remplacera l\u2019actuelle \u00ab h\u00e9ritage entre amis \u00bb.<br \/><br \/><\/p><p>\u00a0<\/p><p id=\"ember68\" class=\"ember-view reader-text-block__paragraph\"><strong>En conclusion,<\/strong> d\u2019importants changements fiscaux sont \u00e0 pr\u00e9voir, et leurs effets se feront sentir dans votre budget. Si certaines mesures, comme la r\u00e9duction des droits de succession, visent \u00e0 all\u00e9ger la pression fiscale, elles seront mises en \u0153uvre progressivement et ne prendront pleinement effet qu\u2019en 2029. En revanche, d\u2019autres r\u00e9formes, comme la prolongation de la p\u00e9riode suspecte ou certaines hausses de droits d\u2019enregistrement, entreront en vigueur d\u00e8s janvier 2025.<\/p><p>\u00a0<\/p><p id=\"ember69\" class=\"ember-view reader-text-block__paragraph\"><strong>Il est donc crucial pour les familles envisageant une planification successorale, notamment par le biais de donations mobili\u00e8res, d\u2019agir rapidement pour b\u00e9n\u00e9ficier des conditions actuelles.<\/strong><\/p>\t\t\t\t\t\t\t\t<\/div>\n\t\t\t\t<\/div>\n\t\t\t\t<div class=\"elementor-element elementor-element-13222a6 elementor-widget elementor-widget-spacer\" data-id=\"13222a6\" data-element_type=\"widget\" data-widget_type=\"spacer.default\">\n\t\t\t\t<div class=\"elementor-widget-container\">\n\t\t\t\t\t\t\t<div class=\"elementor-spacer\">\n\t\t\t<div class=\"elementor-spacer-inner\"><\/div>\n\t\t<\/div>\n\t\t\t\t\t\t<\/div>\n\t\t\t\t<\/div>\n\t\t\t\t\t<\/div>\n\t\t\t\t<\/div>\n\t\t<div class=\"elementor-element elementor-element-f6ad44f e-flex e-con-boxed e-con e-parent\" data-id=\"f6ad44f\" data-element_type=\"container\" data-settings=\"{&quot;jet_parallax_layout_list&quot;:[],&quot;_ha_eqh_enable&quot;:false}\">\n\t\t\t\t\t<div class=\"e-con-inner\">\n\t\t\t\t<div class=\"elementor-element elementor-element-d9bc82f elementor-widget elementor-widget-text-editor\" data-id=\"d9bc82f\" data-element_type=\"widget\" data-widget_type=\"text-editor.default\">\n\t\t\t\t<div class=\"elementor-widget-container\">\n\t\t\t\t\t\t\t\t\t<p>D\u00e9couvrez les autres articles sur notre page <a href=\"https:\/\/www.linkedin.com\/company\/wellfin\/\" target=\"_blank\" rel=\"noopener\">Linkedin<\/a> ou sur <a href=\"https:\/\/www.wellfin.be\/fr\/actualites\/\">notre site web<\/a> !\u00a0<\/p>\t\t\t\t\t\t\t\t<\/div>\n\t\t\t\t<\/div>\n\t\t\t\t\t<\/div>\n\t\t\t\t<\/div>\n\t\t\t\t<\/div>\n\t\t","protected":false},"excerpt":{"rendered":"<p>R\u00e9duction des droits d&rsquo;enregistrement pour l&rsquo;acquisition d&rsquo;une habitation principale en R\u00e9gion Wallonne.<\/p>\n","protected":false},"author":1,"featured_media":5869,"comment_status":"closed","ping_status":"open","sticky":false,"template":"","format":"standard","meta":{"footnotes":""},"categories":[42,40],"tags":[],"class_list":["post-5861","post","type-post","status-publish","format-standard","has-post-thumbnail","hentry","category-fiscalite","category-succession"],"yoast_head":"<!-- This site is optimized with the Yoast SEO plugin v26.8 - https:\/\/yoast.com\/product\/yoast-seo-wordpress\/ -->\n<title>Droits d&#039;enregistrement et de succession en Flandre : les 5 r\u00e9formes fiscales \u00e0 venir - Wellfin<\/title>\n<meta name=\"robots\" content=\"index, follow, max-snippet:-1, max-image-preview:large, max-video-preview:-1\" \/>\n<link rel=\"canonical\" href=\"https:\/\/www.wellfin.be\/fr\/droits-enregistrement-et-succession\/\" \/>\n<meta property=\"og:locale\" content=\"fr_FR\" \/>\n<meta property=\"og:type\" content=\"article\" \/>\n<meta property=\"og:title\" content=\"Droits d&#039;enregistrement et de succession en Flandre : les 5 r\u00e9formes fiscales \u00e0 venir - Wellfin\" \/>\n<meta property=\"og:description\" content=\"R\u00e9duction des droits d&#039;enregistrement pour l&#039;acquisition d&#039;une habitation principale en R\u00e9gion Wallonne.\" \/>\n<meta property=\"og:url\" content=\"https:\/\/www.wellfin.be\/fr\/droits-enregistrement-et-succession\/\" \/>\n<meta property=\"og:site_name\" content=\"Wellfin\" \/>\n<meta property=\"article:published_time\" content=\"2024-12-02T12:47:00+00:00\" \/>\n<meta property=\"article:modified_time\" content=\"2025-05-16T13:22:25+00:00\" \/>\n<meta property=\"og:image\" content=\"https:\/\/www.wellfin.be\/wp-content\/uploads\/2025\/05\/Photo1.jpg\" \/>\n\t<meta property=\"og:image:width\" content=\"1024\" \/>\n\t<meta property=\"og:image:height\" content=\"768\" \/>\n\t<meta property=\"og:image:type\" content=\"image\/jpeg\" \/>\n<meta name=\"author\" content=\"weeb\" \/>\n<meta name=\"twitter:card\" content=\"summary_large_image\" \/>\n<meta name=\"twitter:label1\" content=\"\u00c9crit par\" \/>\n\t<meta name=\"twitter:data1\" content=\"weeb\" \/>\n\t<meta name=\"twitter:label2\" content=\"Dur\u00e9e de lecture estim\u00e9e\" \/>\n\t<meta name=\"twitter:data2\" content=\"4 minutes\" \/>\n<script type=\"application\/ld+json\" class=\"yoast-schema-graph\">{\"@context\":\"https:\/\/schema.org\",\"@graph\":[{\"@type\":\"Article\",\"@id\":\"https:\/\/www.wellfin.be\/fr\/droits-enregistrement-et-succession\/#article\",\"isPartOf\":{\"@id\":\"https:\/\/www.wellfin.be\/fr\/droits-enregistrement-et-succession\/\"},\"author\":{\"name\":\"weeb\",\"@id\":\"https:\/\/www.wellfin.be\/fr\/#\/schema\/person\/47099fe002a29dc70d73e5261a91b92c\"},\"headline\":\"Droits d&rsquo;enregistrement et de succession en Flandre : les 5 r\u00e9formes fiscales \u00e0 venir\",\"datePublished\":\"2024-12-02T12:47:00+00:00\",\"dateModified\":\"2025-05-16T13:22:25+00:00\",\"mainEntityOfPage\":{\"@id\":\"https:\/\/www.wellfin.be\/fr\/droits-enregistrement-et-succession\/\"},\"wordCount\":845,\"publisher\":{\"@id\":\"https:\/\/www.wellfin.be\/fr\/#organization\"},\"image\":{\"@id\":\"https:\/\/www.wellfin.be\/fr\/droits-enregistrement-et-succession\/#primaryimage\"},\"thumbnailUrl\":\"https:\/\/www.wellfin.be\/wp-content\/uploads\/2025\/05\/Photo1.jpg\",\"articleSection\":[\"Fiscalit\u00e9\",\"Succession\"],\"inLanguage\":\"fr-FR\"},{\"@type\":\"WebPage\",\"@id\":\"https:\/\/www.wellfin.be\/fr\/droits-enregistrement-et-succession\/\",\"url\":\"https:\/\/www.wellfin.be\/fr\/droits-enregistrement-et-succession\/\",\"name\":\"Droits d'enregistrement et de succession en Flandre : les 5 r\u00e9formes fiscales \u00e0 venir - Wellfin\",\"isPartOf\":{\"@id\":\"https:\/\/www.wellfin.be\/fr\/#website\"},\"primaryImageOfPage\":{\"@id\":\"https:\/\/www.wellfin.be\/fr\/droits-enregistrement-et-succession\/#primaryimage\"},\"image\":{\"@id\":\"https:\/\/www.wellfin.be\/fr\/droits-enregistrement-et-succession\/#primaryimage\"},\"thumbnailUrl\":\"https:\/\/www.wellfin.be\/wp-content\/uploads\/2025\/05\/Photo1.jpg\",\"datePublished\":\"2024-12-02T12:47:00+00:00\",\"dateModified\":\"2025-05-16T13:22:25+00:00\",\"breadcrumb\":{\"@id\":\"https:\/\/www.wellfin.be\/fr\/droits-enregistrement-et-succession\/#breadcrumb\"},\"inLanguage\":\"fr-FR\",\"potentialAction\":[{\"@type\":\"ReadAction\",\"target\":[\"https:\/\/www.wellfin.be\/fr\/droits-enregistrement-et-succession\/\"]}]},{\"@type\":\"ImageObject\",\"inLanguage\":\"fr-FR\",\"@id\":\"https:\/\/www.wellfin.be\/fr\/droits-enregistrement-et-succession\/#primaryimage\",\"url\":\"https:\/\/www.wellfin.be\/wp-content\/uploads\/2025\/05\/Photo1.jpg\",\"contentUrl\":\"https:\/\/www.wellfin.be\/wp-content\/uploads\/2025\/05\/Photo1.jpg\",\"width\":1024,\"height\":768},{\"@type\":\"BreadcrumbList\",\"@id\":\"https:\/\/www.wellfin.be\/fr\/droits-enregistrement-et-succession\/#breadcrumb\",\"itemListElement\":[{\"@type\":\"ListItem\",\"position\":1,\"name\":\"Home\",\"item\":\"https:\/\/www.wellfin.be\/fr\/\"},{\"@type\":\"ListItem\",\"position\":2,\"name\":\"Droits d&rsquo;enregistrement et de succession en Flandre : les 5 r\u00e9formes fiscales \u00e0 venir\"}]},{\"@type\":\"WebSite\",\"@id\":\"https:\/\/www.wellfin.be\/fr\/#website\",\"url\":\"https:\/\/www.wellfin.be\/fr\/\",\"name\":\"Wellfin\",\"description\":\"\",\"publisher\":{\"@id\":\"https:\/\/www.wellfin.be\/fr\/#organization\"},\"potentialAction\":[{\"@type\":\"SearchAction\",\"target\":{\"@type\":\"EntryPoint\",\"urlTemplate\":\"https:\/\/www.wellfin.be\/fr\/?s={search_term_string}\"},\"query-input\":{\"@type\":\"PropertyValueSpecification\",\"valueRequired\":true,\"valueName\":\"search_term_string\"}}],\"inLanguage\":\"fr-FR\"},{\"@type\":\"Organization\",\"@id\":\"https:\/\/www.wellfin.be\/fr\/#organization\",\"name\":\"Wellfin\",\"url\":\"https:\/\/www.wellfin.be\/fr\/\",\"logo\":{\"@type\":\"ImageObject\",\"inLanguage\":\"fr-FR\",\"@id\":\"https:\/\/www.wellfin.be\/fr\/#\/schema\/logo\/image\/\",\"url\":\"https:\/\/www.wellfin.be\/wp-content\/uploads\/2024\/07\/Logo-wellfin-pos.png\",\"contentUrl\":\"https:\/\/www.wellfin.be\/wp-content\/uploads\/2024\/07\/Logo-wellfin-pos.png\",\"width\":928,\"height\":304,\"caption\":\"Wellfin\"},\"image\":{\"@id\":\"https:\/\/www.wellfin.be\/fr\/#\/schema\/logo\/image\/\"}},{\"@type\":\"Person\",\"@id\":\"https:\/\/www.wellfin.be\/fr\/#\/schema\/person\/47099fe002a29dc70d73e5261a91b92c\",\"name\":\"weeb\",\"image\":{\"@type\":\"ImageObject\",\"inLanguage\":\"fr-FR\",\"@id\":\"https:\/\/www.wellfin.be\/fr\/#\/schema\/person\/image\/\",\"url\":\"https:\/\/secure.gravatar.com\/avatar\/5eb85637bede2daef5806caf6eaadc3ff5ff3749db8f332b18778fad0d40a5c3?s=96&d=mm&r=g\",\"contentUrl\":\"https:\/\/secure.gravatar.com\/avatar\/5eb85637bede2daef5806caf6eaadc3ff5ff3749db8f332b18778fad0d40a5c3?s=96&d=mm&r=g\",\"caption\":\"weeb\"},\"sameAs\":[\"https:\/\/www.wellfin.be\"],\"url\":\"https:\/\/www.wellfin.be\/fr\/author\/weeb\/\"}]}<\/script>\n<!-- \/ Yoast SEO plugin. -->","yoast_head_json":{"title":"Droits d'enregistrement et de succession en Flandre : les 5 r\u00e9formes fiscales \u00e0 venir - Wellfin","robots":{"index":"index","follow":"follow","max-snippet":"max-snippet:-1","max-image-preview":"max-image-preview:large","max-video-preview":"max-video-preview:-1"},"canonical":"https:\/\/www.wellfin.be\/fr\/droits-enregistrement-et-succession\/","og_locale":"fr_FR","og_type":"article","og_title":"Droits d'enregistrement et de succession en Flandre : les 5 r\u00e9formes fiscales \u00e0 venir - Wellfin","og_description":"R\u00e9duction des droits d'enregistrement pour l'acquisition d'une habitation principale en R\u00e9gion Wallonne.","og_url":"https:\/\/www.wellfin.be\/fr\/droits-enregistrement-et-succession\/","og_site_name":"Wellfin","article_published_time":"2024-12-02T12:47:00+00:00","article_modified_time":"2025-05-16T13:22:25+00:00","og_image":[{"width":1024,"height":768,"url":"https:\/\/www.wellfin.be\/wp-content\/uploads\/2025\/05\/Photo1.jpg","type":"image\/jpeg"}],"author":"weeb","twitter_card":"summary_large_image","twitter_misc":{"\u00c9crit par":"weeb","Dur\u00e9e de lecture estim\u00e9e":"4 minutes"},"schema":{"@context":"https:\/\/schema.org","@graph":[{"@type":"Article","@id":"https:\/\/www.wellfin.be\/fr\/droits-enregistrement-et-succession\/#article","isPartOf":{"@id":"https:\/\/www.wellfin.be\/fr\/droits-enregistrement-et-succession\/"},"author":{"name":"weeb","@id":"https:\/\/www.wellfin.be\/fr\/#\/schema\/person\/47099fe002a29dc70d73e5261a91b92c"},"headline":"Droits d&rsquo;enregistrement et de succession en Flandre : les 5 r\u00e9formes fiscales \u00e0 venir","datePublished":"2024-12-02T12:47:00+00:00","dateModified":"2025-05-16T13:22:25+00:00","mainEntityOfPage":{"@id":"https:\/\/www.wellfin.be\/fr\/droits-enregistrement-et-succession\/"},"wordCount":845,"publisher":{"@id":"https:\/\/www.wellfin.be\/fr\/#organization"},"image":{"@id":"https:\/\/www.wellfin.be\/fr\/droits-enregistrement-et-succession\/#primaryimage"},"thumbnailUrl":"https:\/\/www.wellfin.be\/wp-content\/uploads\/2025\/05\/Photo1.jpg","articleSection":["Fiscalit\u00e9","Succession"],"inLanguage":"fr-FR"},{"@type":"WebPage","@id":"https:\/\/www.wellfin.be\/fr\/droits-enregistrement-et-succession\/","url":"https:\/\/www.wellfin.be\/fr\/droits-enregistrement-et-succession\/","name":"Droits d'enregistrement et de succession en Flandre : les 5 r\u00e9formes fiscales \u00e0 venir - Wellfin","isPartOf":{"@id":"https:\/\/www.wellfin.be\/fr\/#website"},"primaryImageOfPage":{"@id":"https:\/\/www.wellfin.be\/fr\/droits-enregistrement-et-succession\/#primaryimage"},"image":{"@id":"https:\/\/www.wellfin.be\/fr\/droits-enregistrement-et-succession\/#primaryimage"},"thumbnailUrl":"https:\/\/www.wellfin.be\/wp-content\/uploads\/2025\/05\/Photo1.jpg","datePublished":"2024-12-02T12:47:00+00:00","dateModified":"2025-05-16T13:22:25+00:00","breadcrumb":{"@id":"https:\/\/www.wellfin.be\/fr\/droits-enregistrement-et-succession\/#breadcrumb"},"inLanguage":"fr-FR","potentialAction":[{"@type":"ReadAction","target":["https:\/\/www.wellfin.be\/fr\/droits-enregistrement-et-succession\/"]}]},{"@type":"ImageObject","inLanguage":"fr-FR","@id":"https:\/\/www.wellfin.be\/fr\/droits-enregistrement-et-succession\/#primaryimage","url":"https:\/\/www.wellfin.be\/wp-content\/uploads\/2025\/05\/Photo1.jpg","contentUrl":"https:\/\/www.wellfin.be\/wp-content\/uploads\/2025\/05\/Photo1.jpg","width":1024,"height":768},{"@type":"BreadcrumbList","@id":"https:\/\/www.wellfin.be\/fr\/droits-enregistrement-et-succession\/#breadcrumb","itemListElement":[{"@type":"ListItem","position":1,"name":"Home","item":"https:\/\/www.wellfin.be\/fr\/"},{"@type":"ListItem","position":2,"name":"Droits d&rsquo;enregistrement et de succession en Flandre : les 5 r\u00e9formes fiscales \u00e0 venir"}]},{"@type":"WebSite","@id":"https:\/\/www.wellfin.be\/fr\/#website","url":"https:\/\/www.wellfin.be\/fr\/","name":"Wellfin","description":"","publisher":{"@id":"https:\/\/www.wellfin.be\/fr\/#organization"},"potentialAction":[{"@type":"SearchAction","target":{"@type":"EntryPoint","urlTemplate":"https:\/\/www.wellfin.be\/fr\/?s={search_term_string}"},"query-input":{"@type":"PropertyValueSpecification","valueRequired":true,"valueName":"search_term_string"}}],"inLanguage":"fr-FR"},{"@type":"Organization","@id":"https:\/\/www.wellfin.be\/fr\/#organization","name":"Wellfin","url":"https:\/\/www.wellfin.be\/fr\/","logo":{"@type":"ImageObject","inLanguage":"fr-FR","@id":"https:\/\/www.wellfin.be\/fr\/#\/schema\/logo\/image\/","url":"https:\/\/www.wellfin.be\/wp-content\/uploads\/2024\/07\/Logo-wellfin-pos.png","contentUrl":"https:\/\/www.wellfin.be\/wp-content\/uploads\/2024\/07\/Logo-wellfin-pos.png","width":928,"height":304,"caption":"Wellfin"},"image":{"@id":"https:\/\/www.wellfin.be\/fr\/#\/schema\/logo\/image\/"}},{"@type":"Person","@id":"https:\/\/www.wellfin.be\/fr\/#\/schema\/person\/47099fe002a29dc70d73e5261a91b92c","name":"weeb","image":{"@type":"ImageObject","inLanguage":"fr-FR","@id":"https:\/\/www.wellfin.be\/fr\/#\/schema\/person\/image\/","url":"https:\/\/secure.gravatar.com\/avatar\/5eb85637bede2daef5806caf6eaadc3ff5ff3749db8f332b18778fad0d40a5c3?s=96&d=mm&r=g","contentUrl":"https:\/\/secure.gravatar.com\/avatar\/5eb85637bede2daef5806caf6eaadc3ff5ff3749db8f332b18778fad0d40a5c3?s=96&d=mm&r=g","caption":"weeb"},"sameAs":["https:\/\/www.wellfin.be"],"url":"https:\/\/www.wellfin.be\/fr\/author\/weeb\/"}]}},"_links":{"self":[{"href":"https:\/\/www.wellfin.be\/fr\/wp-json\/wp\/v2\/posts\/5861","targetHints":{"allow":["GET"]}}],"collection":[{"href":"https:\/\/www.wellfin.be\/fr\/wp-json\/wp\/v2\/posts"}],"about":[{"href":"https:\/\/www.wellfin.be\/fr\/wp-json\/wp\/v2\/types\/post"}],"author":[{"embeddable":true,"href":"https:\/\/www.wellfin.be\/fr\/wp-json\/wp\/v2\/users\/1"}],"replies":[{"embeddable":true,"href":"https:\/\/www.wellfin.be\/fr\/wp-json\/wp\/v2\/comments?post=5861"}],"version-history":[{"count":16,"href":"https:\/\/www.wellfin.be\/fr\/wp-json\/wp\/v2\/posts\/5861\/revisions"}],"predecessor-version":[{"id":5888,"href":"https:\/\/www.wellfin.be\/fr\/wp-json\/wp\/v2\/posts\/5861\/revisions\/5888"}],"wp:featuredmedia":[{"embeddable":true,"href":"https:\/\/www.wellfin.be\/fr\/wp-json\/wp\/v2\/media\/5869"}],"wp:attachment":[{"href":"https:\/\/www.wellfin.be\/fr\/wp-json\/wp\/v2\/media?parent=5861"}],"wp:term":[{"taxonomy":"category","embeddable":true,"href":"https:\/\/www.wellfin.be\/fr\/wp-json\/wp\/v2\/categories?post=5861"},{"taxonomy":"post_tag","embeddable":true,"href":"https:\/\/www.wellfin.be\/fr\/wp-json\/wp\/v2\/tags?post=5861"}],"curies":[{"name":"wp","href":"https:\/\/api.w.org\/{rel}","templated":true}]}}