{"id":34,"date":"2024-05-15T12:14:03","date_gmt":"2024-05-15T10:14:03","guid":{"rendered":"https:\/\/www.wellfin.be\/?p=34"},"modified":"2025-06-10T01:40:40","modified_gmt":"2025-06-09T23:40:40","slug":"tva-a-6-pour-la-demolition-et-la-reconstruction","status":"publish","type":"post","link":"https:\/\/www.wellfin.be\/fr\/tva-a-6-pour-la-demolition-et-la-reconstruction\/","title":{"rendered":"TVA \u00e0 6% pour la d\u00e9molition et la reconstruction"},"content":{"rendered":"\t\t<div data-elementor-type=\"wp-post\" data-elementor-id=\"34\" class=\"elementor elementor-34\" data-elementor-settings=\"{&quot;ha_cmc_init_switcher&quot;:&quot;no&quot;}\" data-elementor-post-type=\"post\">\n\t\t\t\t<div class=\"elementor-element elementor-element-65fb1bd7 e-flex e-con-boxed e-con e-parent\" data-id=\"65fb1bd7\" data-element_type=\"container\" data-settings=\"{&quot;jet_parallax_layout_list&quot;:[],&quot;_ha_eqh_enable&quot;:false}\">\n\t\t\t\t\t<div class=\"e-con-inner\">\n\t\t\t\t<div class=\"elementor-element elementor-element-8b56fe1 elementor-widget elementor-widget-heading\" data-id=\"8b56fe1\" data-element_type=\"widget\" data-widget_type=\"heading.default\">\n\t\t\t\t<div class=\"elementor-widget-container\">\n\t\t\t\t\t<h1 class=\"elementor-heading-title elementor-size-large\">\u00c0 partir du 1er juin 2024, un taux de TVA de 6 % sera appliqu\u00e9 pour la d\u00e9molition et la reconstruction d'un logement destin\u00e9 \u00e0 la location \u00e0 titre priv\u00e9, dans l'ensemble du pays !<\/h1>\t\t\t\t<\/div>\n\t\t\t\t<\/div>\n\t\t\t\t<div class=\"elementor-element elementor-element-e40c111 elementor-widget elementor-widget-text-editor\" data-id=\"e40c111\" data-element_type=\"widget\" data-widget_type=\"text-editor.default\">\n\t\t\t\t<div class=\"elementor-widget-container\">\n\t\t\t\t\t\t\t\t\t<p>Ce r\u00e9gime pr\u00e9f\u00e9rentiel \u00e9tait jusqu&rsquo;ici accord\u00e9 uniquement pour la d\u00e9molition et la reconstruction d&rsquo;une habitation principale ou d&rsquo;une habitation destin\u00e9e \u00e0 accueillir une agence immobili\u00e8re sociale (AIS).<\/p>\n<p>\u00a0<\/p>\n<p>D\u00e9sormais, dans le but de rem\u00e9dier \u00e0 une certaine p\u00e9nurie de logements de qualit\u00e9 \u00e0 des prix abordables pour les nombreux locataires qui ne disposent pas de ressources financi\u00e8res suffisantes pour acqu\u00e9rir un logement neuf, le l\u00e9gislateur \u00e9tend la mesure.<\/p>\n<p>\u00a0<\/p>\n<p>La personne physique ou morale acqu\u00e9reuse ne pourra pr\u00e9tendre au taux r\u00e9duit de 6 % que si elle donne l&rsquo;habitation en location \u00e0 une personne physique qui y \u00e9tablit son domicile.<\/p>\n<p>Le bien immobilier reconstruit doit \u00eatre destin\u00e9 \u00e0 une location priv\u00e9e de longue dur\u00e9e. Un bail de longue dur\u00e9e (15 ans) doit \u00eatre enregistr\u00e9. Si, au cours des quinze ann\u00e9es, les conditions pr\u00e9vues ne sont plus remplies, l&rsquo;acqu\u00e9reur devra rembourser le montant de l&rsquo;avantage fiscal dont il a b\u00e9n\u00e9fici\u00e9 pour l&rsquo;ann\u00e9e au cours de laquelle le changement intervient, \u00e0 raison d&rsquo;un quinzi\u00e8me par ann\u00e9e.<\/p>\n<p>\u00a0<\/p>\n<p>Le taux r\u00e9duit de 6 % ne s&rsquo;applique pas aux biens dont la superficie totale d\u00e9passe 200 m\u00b2, ou qui sont qualifi\u00e9s de r\u00e9sidences haut de gamme comportant des \u00e9quipements de luxe tels que piscines, saunas, terrains de tennis, et installations similaires.<\/p>\t\t\t\t\t\t\t\t<\/div>\n\t\t\t\t<\/div>\n\t\t\t\t<div class=\"elementor-element elementor-element-1cc54c9 elementor-widget elementor-widget-text-editor\" data-id=\"1cc54c9\" data-element_type=\"widget\" data-widget_type=\"text-editor.default\">\n\t\t\t\t<div class=\"elementor-widget-container\">\n\t\t\t\t\t\t\t\t\tPubli\u00e9 le 15 mai 2024\t\t\t\t\t\t\t\t<\/div>\n\t\t\t\t<\/div>\n\t\t\t\t\t<\/div>\n\t\t\t\t<\/div>\n\t\t\t\t<\/div>\n\t\t","protected":false},"excerpt":{"rendered":"<p>\u00c0 partir du 1er juin 2024, un taux de TVA de 6 % sera appliqu\u00e9 pour la d\u00e9molition et la reconstruction d&rsquo;un logement destin\u00e9 \u00e0 la location \u00e0 titre priv\u00e9, dans l&rsquo;ensemble du pays !<\/p>\n","protected":false},"author":1,"featured_media":4282,"comment_status":"closed","ping_status":"open","sticky":false,"template":"","format":"standard","meta":{"footnotes":""},"categories":[36],"tags":[],"class_list":["post-34","post","type-post","status-publish","format-standard","has-post-thumbnail","hentry","category-mobilier"],"yoast_head":"<!-- This site is optimized with the Yoast SEO plugin v26.8 - https:\/\/yoast.com\/product\/yoast-seo-wordpress\/ -->\n<title>TVA \u00e0 6% pour la d\u00e9molition et la reconstruction - Wellfin<\/title>\n<meta name=\"robots\" content=\"index, follow, max-snippet:-1, max-image-preview:large, max-video-preview:-1\" \/>\n<link rel=\"canonical\" href=\"https:\/\/www.wellfin.be\/fr\/tva-a-6-pour-la-demolition-et-la-reconstruction\/\" \/>\n<meta property=\"og:locale\" content=\"fr_FR\" \/>\n<meta property=\"og:type\" content=\"article\" \/>\n<meta property=\"og:title\" content=\"TVA \u00e0 6% pour la d\u00e9molition et la reconstruction - Wellfin\" \/>\n<meta property=\"og:description\" content=\"\u00c0 partir du 1er juin 2024, un taux de TVA de 6 % sera appliqu\u00e9 pour la d\u00e9molition et la reconstruction d&#039;un logement destin\u00e9 \u00e0 la location \u00e0 titre priv\u00e9, dans l&#039;ensemble du pays !\" \/>\n<meta property=\"og:url\" content=\"https:\/\/www.wellfin.be\/fr\/tva-a-6-pour-la-demolition-et-la-reconstruction\/\" \/>\n<meta property=\"og:site_name\" content=\"Wellfin\" \/>\n<meta property=\"article:published_time\" content=\"2024-05-15T10:14:03+00:00\" \/>\n<meta property=\"article:modified_time\" content=\"2025-06-09T23:40:40+00:00\" \/>\n<meta property=\"og:image\" content=\"https:\/\/www.wellfin.be\/wp-content\/uploads\/2023\/03\/Article-1-min.png\" \/>\n\t<meta property=\"og:image:width\" content=\"1024\" \/>\n\t<meta property=\"og:image:height\" content=\"768\" \/>\n\t<meta property=\"og:image:type\" content=\"image\/png\" \/>\n<meta name=\"author\" content=\"weeb\" \/>\n<meta name=\"twitter:card\" content=\"summary_large_image\" \/>\n<meta name=\"twitter:label1\" content=\"\u00c9crit par\" \/>\n\t<meta name=\"twitter:data1\" content=\"weeb\" \/>\n\t<meta name=\"twitter:label2\" content=\"Dur\u00e9e de lecture estim\u00e9e\" \/>\n\t<meta name=\"twitter:data2\" content=\"1 minute\" \/>\n<script type=\"application\/ld+json\" class=\"yoast-schema-graph\">{\"@context\":\"https:\/\/schema.org\",\"@graph\":[{\"@type\":\"Article\",\"@id\":\"https:\/\/www.wellfin.be\/fr\/tva-a-6-pour-la-demolition-et-la-reconstruction\/#article\",\"isPartOf\":{\"@id\":\"https:\/\/www.wellfin.be\/fr\/tva-a-6-pour-la-demolition-et-la-reconstruction\/\"},\"author\":{\"name\":\"weeb\",\"@id\":\"https:\/\/www.wellfin.be\/fr\/#\/schema\/person\/47099fe002a29dc70d73e5261a91b92c\"},\"headline\":\"TVA \u00e0 6% pour la d\u00e9molition et la reconstruction\",\"datePublished\":\"2024-05-15T10:14:03+00:00\",\"dateModified\":\"2025-06-09T23:40:40+00:00\",\"mainEntityOfPage\":{\"@id\":\"https:\/\/www.wellfin.be\/fr\/tva-a-6-pour-la-demolition-et-la-reconstruction\/\"},\"wordCount\":270,\"publisher\":{\"@id\":\"https:\/\/www.wellfin.be\/fr\/#organization\"},\"image\":{\"@id\":\"https:\/\/www.wellfin.be\/fr\/tva-a-6-pour-la-demolition-et-la-reconstruction\/#primaryimage\"},\"thumbnailUrl\":\"https:\/\/www.wellfin.be\/wp-content\/uploads\/2023\/03\/Article-1-min.png\",\"articleSection\":[\"Mobilier\"],\"inLanguage\":\"fr-FR\"},{\"@type\":\"WebPage\",\"@id\":\"https:\/\/www.wellfin.be\/fr\/tva-a-6-pour-la-demolition-et-la-reconstruction\/\",\"url\":\"https:\/\/www.wellfin.be\/fr\/tva-a-6-pour-la-demolition-et-la-reconstruction\/\",\"name\":\"TVA \u00e0 6% pour la d\u00e9molition et la reconstruction - Wellfin\",\"isPartOf\":{\"@id\":\"https:\/\/www.wellfin.be\/fr\/#website\"},\"primaryImageOfPage\":{\"@id\":\"https:\/\/www.wellfin.be\/fr\/tva-a-6-pour-la-demolition-et-la-reconstruction\/#primaryimage\"},\"image\":{\"@id\":\"https:\/\/www.wellfin.be\/fr\/tva-a-6-pour-la-demolition-et-la-reconstruction\/#primaryimage\"},\"thumbnailUrl\":\"https:\/\/www.wellfin.be\/wp-content\/uploads\/2023\/03\/Article-1-min.png\",\"datePublished\":\"2024-05-15T10:14:03+00:00\",\"dateModified\":\"2025-06-09T23:40:40+00:00\",\"breadcrumb\":{\"@id\":\"https:\/\/www.wellfin.be\/fr\/tva-a-6-pour-la-demolition-et-la-reconstruction\/#breadcrumb\"},\"inLanguage\":\"fr-FR\",\"potentialAction\":[{\"@type\":\"ReadAction\",\"target\":[\"https:\/\/www.wellfin.be\/fr\/tva-a-6-pour-la-demolition-et-la-reconstruction\/\"]}]},{\"@type\":\"ImageObject\",\"inLanguage\":\"fr-FR\",\"@id\":\"https:\/\/www.wellfin.be\/fr\/tva-a-6-pour-la-demolition-et-la-reconstruction\/#primaryimage\",\"url\":\"https:\/\/www.wellfin.be\/wp-content\/uploads\/2023\/03\/Article-1-min.png\",\"contentUrl\":\"https:\/\/www.wellfin.be\/wp-content\/uploads\/2023\/03\/Article-1-min.png\",\"width\":1024,\"height\":768},{\"@type\":\"BreadcrumbList\",\"@id\":\"https:\/\/www.wellfin.be\/fr\/tva-a-6-pour-la-demolition-et-la-reconstruction\/#breadcrumb\",\"itemListElement\":[{\"@type\":\"ListItem\",\"position\":1,\"name\":\"Home\",\"item\":\"https:\/\/www.wellfin.be\/fr\/\"},{\"@type\":\"ListItem\",\"position\":2,\"name\":\"TVA \u00e0 6% pour la d\u00e9molition et la reconstruction\"}]},{\"@type\":\"WebSite\",\"@id\":\"https:\/\/www.wellfin.be\/fr\/#website\",\"url\":\"https:\/\/www.wellfin.be\/fr\/\",\"name\":\"Wellfin\",\"description\":\"\",\"publisher\":{\"@id\":\"https:\/\/www.wellfin.be\/fr\/#organization\"},\"potentialAction\":[{\"@type\":\"SearchAction\",\"target\":{\"@type\":\"EntryPoint\",\"urlTemplate\":\"https:\/\/www.wellfin.be\/fr\/?s={search_term_string}\"},\"query-input\":{\"@type\":\"PropertyValueSpecification\",\"valueRequired\":true,\"valueName\":\"search_term_string\"}}],\"inLanguage\":\"fr-FR\"},{\"@type\":\"Organization\",\"@id\":\"https:\/\/www.wellfin.be\/fr\/#organization\",\"name\":\"Wellfin\",\"url\":\"https:\/\/www.wellfin.be\/fr\/\",\"logo\":{\"@type\":\"ImageObject\",\"inLanguage\":\"fr-FR\",\"@id\":\"https:\/\/www.wellfin.be\/fr\/#\/schema\/logo\/image\/\",\"url\":\"https:\/\/www.wellfin.be\/wp-content\/uploads\/2024\/07\/Logo-wellfin-pos.png\",\"contentUrl\":\"https:\/\/www.wellfin.be\/wp-content\/uploads\/2024\/07\/Logo-wellfin-pos.png\",\"width\":928,\"height\":304,\"caption\":\"Wellfin\"},\"image\":{\"@id\":\"https:\/\/www.wellfin.be\/fr\/#\/schema\/logo\/image\/\"}},{\"@type\":\"Person\",\"@id\":\"https:\/\/www.wellfin.be\/fr\/#\/schema\/person\/47099fe002a29dc70d73e5261a91b92c\",\"name\":\"weeb\",\"image\":{\"@type\":\"ImageObject\",\"inLanguage\":\"fr-FR\",\"@id\":\"https:\/\/www.wellfin.be\/fr\/#\/schema\/person\/image\/\",\"url\":\"https:\/\/secure.gravatar.com\/avatar\/5eb85637bede2daef5806caf6eaadc3ff5ff3749db8f332b18778fad0d40a5c3?s=96&d=mm&r=g\",\"contentUrl\":\"https:\/\/secure.gravatar.com\/avatar\/5eb85637bede2daef5806caf6eaadc3ff5ff3749db8f332b18778fad0d40a5c3?s=96&d=mm&r=g\",\"caption\":\"weeb\"},\"sameAs\":[\"https:\/\/www.wellfin.be\"],\"url\":\"https:\/\/www.wellfin.be\/fr\/author\/weeb\/\"}]}<\/script>\n<!-- \/ Yoast SEO plugin. -->","yoast_head_json":{"title":"TVA \u00e0 6% pour la d\u00e9molition et la reconstruction - Wellfin","robots":{"index":"index","follow":"follow","max-snippet":"max-snippet:-1","max-image-preview":"max-image-preview:large","max-video-preview":"max-video-preview:-1"},"canonical":"https:\/\/www.wellfin.be\/fr\/tva-a-6-pour-la-demolition-et-la-reconstruction\/","og_locale":"fr_FR","og_type":"article","og_title":"TVA \u00e0 6% pour la d\u00e9molition et la reconstruction - Wellfin","og_description":"\u00c0 partir du 1er juin 2024, un taux de TVA de 6 % sera appliqu\u00e9 pour la d\u00e9molition et la reconstruction d'un logement destin\u00e9 \u00e0 la location \u00e0 titre priv\u00e9, dans l'ensemble du pays !","og_url":"https:\/\/www.wellfin.be\/fr\/tva-a-6-pour-la-demolition-et-la-reconstruction\/","og_site_name":"Wellfin","article_published_time":"2024-05-15T10:14:03+00:00","article_modified_time":"2025-06-09T23:40:40+00:00","og_image":[{"width":1024,"height":768,"url":"https:\/\/www.wellfin.be\/wp-content\/uploads\/2023\/03\/Article-1-min.png","type":"image\/png"}],"author":"weeb","twitter_card":"summary_large_image","twitter_misc":{"\u00c9crit par":"weeb","Dur\u00e9e de lecture estim\u00e9e":"1 minute"},"schema":{"@context":"https:\/\/schema.org","@graph":[{"@type":"Article","@id":"https:\/\/www.wellfin.be\/fr\/tva-a-6-pour-la-demolition-et-la-reconstruction\/#article","isPartOf":{"@id":"https:\/\/www.wellfin.be\/fr\/tva-a-6-pour-la-demolition-et-la-reconstruction\/"},"author":{"name":"weeb","@id":"https:\/\/www.wellfin.be\/fr\/#\/schema\/person\/47099fe002a29dc70d73e5261a91b92c"},"headline":"TVA \u00e0 6% pour la d\u00e9molition et la reconstruction","datePublished":"2024-05-15T10:14:03+00:00","dateModified":"2025-06-09T23:40:40+00:00","mainEntityOfPage":{"@id":"https:\/\/www.wellfin.be\/fr\/tva-a-6-pour-la-demolition-et-la-reconstruction\/"},"wordCount":270,"publisher":{"@id":"https:\/\/www.wellfin.be\/fr\/#organization"},"image":{"@id":"https:\/\/www.wellfin.be\/fr\/tva-a-6-pour-la-demolition-et-la-reconstruction\/#primaryimage"},"thumbnailUrl":"https:\/\/www.wellfin.be\/wp-content\/uploads\/2023\/03\/Article-1-min.png","articleSection":["Mobilier"],"inLanguage":"fr-FR"},{"@type":"WebPage","@id":"https:\/\/www.wellfin.be\/fr\/tva-a-6-pour-la-demolition-et-la-reconstruction\/","url":"https:\/\/www.wellfin.be\/fr\/tva-a-6-pour-la-demolition-et-la-reconstruction\/","name":"TVA \u00e0 6% pour la d\u00e9molition et la reconstruction - Wellfin","isPartOf":{"@id":"https:\/\/www.wellfin.be\/fr\/#website"},"primaryImageOfPage":{"@id":"https:\/\/www.wellfin.be\/fr\/tva-a-6-pour-la-demolition-et-la-reconstruction\/#primaryimage"},"image":{"@id":"https:\/\/www.wellfin.be\/fr\/tva-a-6-pour-la-demolition-et-la-reconstruction\/#primaryimage"},"thumbnailUrl":"https:\/\/www.wellfin.be\/wp-content\/uploads\/2023\/03\/Article-1-min.png","datePublished":"2024-05-15T10:14:03+00:00","dateModified":"2025-06-09T23:40:40+00:00","breadcrumb":{"@id":"https:\/\/www.wellfin.be\/fr\/tva-a-6-pour-la-demolition-et-la-reconstruction\/#breadcrumb"},"inLanguage":"fr-FR","potentialAction":[{"@type":"ReadAction","target":["https:\/\/www.wellfin.be\/fr\/tva-a-6-pour-la-demolition-et-la-reconstruction\/"]}]},{"@type":"ImageObject","inLanguage":"fr-FR","@id":"https:\/\/www.wellfin.be\/fr\/tva-a-6-pour-la-demolition-et-la-reconstruction\/#primaryimage","url":"https:\/\/www.wellfin.be\/wp-content\/uploads\/2023\/03\/Article-1-min.png","contentUrl":"https:\/\/www.wellfin.be\/wp-content\/uploads\/2023\/03\/Article-1-min.png","width":1024,"height":768},{"@type":"BreadcrumbList","@id":"https:\/\/www.wellfin.be\/fr\/tva-a-6-pour-la-demolition-et-la-reconstruction\/#breadcrumb","itemListElement":[{"@type":"ListItem","position":1,"name":"Home","item":"https:\/\/www.wellfin.be\/fr\/"},{"@type":"ListItem","position":2,"name":"TVA \u00e0 6% pour la d\u00e9molition et la reconstruction"}]},{"@type":"WebSite","@id":"https:\/\/www.wellfin.be\/fr\/#website","url":"https:\/\/www.wellfin.be\/fr\/","name":"Wellfin","description":"","publisher":{"@id":"https:\/\/www.wellfin.be\/fr\/#organization"},"potentialAction":[{"@type":"SearchAction","target":{"@type":"EntryPoint","urlTemplate":"https:\/\/www.wellfin.be\/fr\/?s={search_term_string}"},"query-input":{"@type":"PropertyValueSpecification","valueRequired":true,"valueName":"search_term_string"}}],"inLanguage":"fr-FR"},{"@type":"Organization","@id":"https:\/\/www.wellfin.be\/fr\/#organization","name":"Wellfin","url":"https:\/\/www.wellfin.be\/fr\/","logo":{"@type":"ImageObject","inLanguage":"fr-FR","@id":"https:\/\/www.wellfin.be\/fr\/#\/schema\/logo\/image\/","url":"https:\/\/www.wellfin.be\/wp-content\/uploads\/2024\/07\/Logo-wellfin-pos.png","contentUrl":"https:\/\/www.wellfin.be\/wp-content\/uploads\/2024\/07\/Logo-wellfin-pos.png","width":928,"height":304,"caption":"Wellfin"},"image":{"@id":"https:\/\/www.wellfin.be\/fr\/#\/schema\/logo\/image\/"}},{"@type":"Person","@id":"https:\/\/www.wellfin.be\/fr\/#\/schema\/person\/47099fe002a29dc70d73e5261a91b92c","name":"weeb","image":{"@type":"ImageObject","inLanguage":"fr-FR","@id":"https:\/\/www.wellfin.be\/fr\/#\/schema\/person\/image\/","url":"https:\/\/secure.gravatar.com\/avatar\/5eb85637bede2daef5806caf6eaadc3ff5ff3749db8f332b18778fad0d40a5c3?s=96&d=mm&r=g","contentUrl":"https:\/\/secure.gravatar.com\/avatar\/5eb85637bede2daef5806caf6eaadc3ff5ff3749db8f332b18778fad0d40a5c3?s=96&d=mm&r=g","caption":"weeb"},"sameAs":["https:\/\/www.wellfin.be"],"url":"https:\/\/www.wellfin.be\/fr\/author\/weeb\/"}]}},"_links":{"self":[{"href":"https:\/\/www.wellfin.be\/fr\/wp-json\/wp\/v2\/posts\/34","targetHints":{"allow":["GET"]}}],"collection":[{"href":"https:\/\/www.wellfin.be\/fr\/wp-json\/wp\/v2\/posts"}],"about":[{"href":"https:\/\/www.wellfin.be\/fr\/wp-json\/wp\/v2\/types\/post"}],"author":[{"embeddable":true,"href":"https:\/\/www.wellfin.be\/fr\/wp-json\/wp\/v2\/users\/1"}],"replies":[{"embeddable":true,"href":"https:\/\/www.wellfin.be\/fr\/wp-json\/wp\/v2\/comments?post=34"}],"version-history":[{"count":21,"href":"https:\/\/www.wellfin.be\/fr\/wp-json\/wp\/v2\/posts\/34\/revisions"}],"predecessor-version":[{"id":6981,"href":"https:\/\/www.wellfin.be\/fr\/wp-json\/wp\/v2\/posts\/34\/revisions\/6981"}],"wp:featuredmedia":[{"embeddable":true,"href":"https:\/\/www.wellfin.be\/fr\/wp-json\/wp\/v2\/media\/4282"}],"wp:attachment":[{"href":"https:\/\/www.wellfin.be\/fr\/wp-json\/wp\/v2\/media?parent=34"}],"wp:term":[{"taxonomy":"category","embeddable":true,"href":"https:\/\/www.wellfin.be\/fr\/wp-json\/wp\/v2\/categories?post=34"},{"taxonomy":"post_tag","embeddable":true,"href":"https:\/\/www.wellfin.be\/fr\/wp-json\/wp\/v2\/tags?post=34"}],"curies":[{"name":"wp","href":"https:\/\/api.w.org\/{rel}","templated":true}]}}